{"id":697,"date":"2017-09-12T10:33:23","date_gmt":"2017-09-12T08:33:23","guid":{"rendered":"http:\/\/wp.hoesbach.net\/?p=697"},"modified":"2017-09-12T10:33:23","modified_gmt":"2017-09-12T08:33:23","slug":"frechdachs-14-09-2017","status":"publish","type":"post","link":"https:\/\/wp.hoesbach.net\/?p=697","title":{"rendered":"Frechdachs 14.09.2017"},"content":{"rendered":"<p>Hallo, ich bin\u00b4 s wieder, euer kleiner Frechdachs;<\/p>\n<p>was war es so ruhig in den Sommerferien. Aber seit gut zwei Wochen ist wieder \u201eLeben in der Bude\u201c.<\/p>\n<p>Die Kinder sind wieder zur\u00fcck und \u00fcberall h\u00f6re ich Lachen, laute und leise Spiele, auch manchmal ein leises Weinen. Ich f\u00fchle mich richtig wohl. Da unser Kindergarten umgebaut wird, sind Kinder und Betreuer ins untere Stockwerk umgesiedelt und haben sich bereits gut eingelebt. Es gibt dort ein Bau- und Konstruktionszimmer, ein Raum f\u00fcrs kreative Tun, f\u00fcrs Rollenspiel und zum Verkleiden. In der Mensa wird gefr\u00fchst\u00fcckt und Mittagessen gereicht, und im Turnraum finden der Morgenkreis und noch verschiedene Besch\u00e4ftigungsangebote statt. Ich glaube, wir alle kommen gut mit den R\u00e4umen und den Bet\u00e4tigungen zurecht. Neue Kinder besuchen seit September unseren Kindergarten. Seid ganz herzlich willkommen, f\u00fchlt euch wohl und entwickelt euch pr\u00e4chtig. F\u00fcr unsere ehemaligen Sonnenkinder hat jetzt der \u201eErnst des Lebens\u201c begonnen. Sie wurden in dieser Woche eingeschult. Wir w\u00fcnschen euch eine sch\u00f6ne und lernfreudige Schulzeit und alles Gute f\u00fcr die Zukunft. Die Eltern will ich auch nicht vergessen. Sie sollen sich ebenfalls bei uns wohlf\u00fchlen, Vertrauen aufbauen und fr\u00f6hlich sein.\u00a0 Denn wir wollen vom \u201eIch\u201c und \u201eDu\u201c zum \u201eWir\u201c gelangen. Das klappt bestimmt super. Ja, und von der Lisa m\u00f6chten wir uns verabschieden und ihr alles Gute und ein erf\u00fclltes Arbeiten w\u00fcnschen; sie hat von unserem Kindergarten in eine Kinderkrippe gewechselt.<\/p>\n<p>So, ich verabschiede mich, n\u00e4chste Woche gibt es wieder Neuigkeiten aus St. Martin.<\/p>\n<p>Euer Frechdachs.<\/p>\n","protected":false},"excerpt":{"rendered":"<p>Hallo, ich bin\u00b4 s wieder, euer kleiner Frechdachs; was war es so ruhig in den Sommerferien. Aber seit gut zwei Wochen ist wieder \u201eLeben in der Bude\u201c. Die Kinder sind wieder zur\u00fcck und \u00fcberall h\u00f6re ich Lachen, laute und leise &hellip; <a href=\"https:\/\/wp.hoesbach.net\/?p=697\">Weiterlesen <span class=\"meta-nav\">&rarr;<\/span><\/a><\/p>\n","protected":false},"author":1,"featured_media":0,"comment_status":"open","ping_status":"closed","sticky":false,"template":"","format":"standard","meta":{"footnotes":""},"categories":[3],"tags":[],"class_list":["post-697","post","type-post","status-publish","format-standard","hentry","category-frechdachs"],"_links":{"self":[{"href":"https:\/\/wp.hoesbach.net\/index.php?rest_route=\/wp\/v2\/posts\/697"}],"collection":[{"href":"https:\/\/wp.hoesbach.net\/index.php?rest_route=\/wp\/v2\/posts"}],"about":[{"href":"https:\/\/wp.hoesbach.net\/index.php?rest_route=\/wp\/v2\/types\/post"}],"author":[{"embeddable":true,"href":"https:\/\/wp.hoesbach.net\/index.php?rest_route=\/wp\/v2\/users\/1"}],"replies":[{"embeddable":true,"href":"https:\/\/wp.hoesbach.net\/index.php?rest_route=%2Fwp%2Fv2%2Fcomments&post=697"}],"version-history":[{"count":1,"href":"https:\/\/wp.hoesbach.net\/index.php?rest_route=\/wp\/v2\/posts\/697\/revisions"}],"predecessor-version":[{"id":698,"href":"https:\/\/wp.hoesbach.net\/index.php?rest_route=\/wp\/v2\/posts\/697\/revisions\/698"}],"wp:attachment":[{"href":"https:\/\/wp.hoesbach.net\/index.php?rest_route=%2Fwp%2Fv2%2Fmedia&parent=697"}],"wp:term":[{"taxonomy":"category","embeddable":true,"href":"https:\/\/wp.hoesbach.net\/index.php?rest_route=%2Fwp%2Fv2%2Fcategories&post=697"},{"taxonomy":"post_tag","embeddable":true,"href":"https:\/\/wp.hoesbach.net\/index.php?rest_route=%2Fwp%2Fv2%2Ftags&post=697"}],"curies":[{"name":"wp","href":"https:\/\/api.w.org\/{rel}","templated":true}]}}