{"id":616,"date":"2017-03-30T13:19:09","date_gmt":"2017-03-30T11:19:09","guid":{"rendered":"http:\/\/wp.hoesbach.net\/?p=616"},"modified":"2017-03-30T13:19:09","modified_gmt":"2017-03-30T11:19:09","slug":"frechdachs-30-03-2017","status":"publish","type":"post","link":"https:\/\/wp.hoesbach.net\/?p=616","title":{"rendered":"Frechdachs 30.03.2017"},"content":{"rendered":"<p>Hurra wir gehen in den Wald!<\/p>\n<p>Am Montag ging es los! Ausger\u00fcstet mit Matschhose, Vesper und Gummistiefel\u00a0 ( \u00a0ich der Frechdachs war nat\u00fcrlich auch dabei) marschierten wir in den Wald. Dort angekommen bauten alle zusammen das Waldsofa, das ist ein Kreis aus St\u00f6cken indem wir uns jeden Tag zum Essen und Trinken \u00a0treffen. Danach sangen wir unser Lied: \u201e Heute sind wir Gast im Wald\u2026.\u201c!) Genau wir sind G\u00e4ste und im Wald gibt es Regeln, die wir beachten m\u00fcssen z.B. nicht schreien, Tiere werden nur im Lupenglas angeschaut und dann wieder freigelassen und unseren M\u00fcll nehmen wir auch wieder mit u.v.m. Unsere Kinder wussten noch gut was wir d\u00fcrfen und was nicht. Nachdem wir uns gest\u00e4rkt hatten, bauten wir Zelte, Raumschiffe oder erkundeten den Wald. Viel zu schnell verging die Zeit und wir mussten zum Froschmaulbrunnen zur\u00fcck wo uns schon Mamis, Papis, Omas und Opas erwarteten. Am Dienstag war das Wetter leider nicht so toll. Trotzdem wagten wir uns in den Wald, doch es fing so stark zu regnen an, das wir zur\u00fcck in den\u00a0 Kindergarten \u201efl\u00fcchteten\u201c. Den Rest der Woche durften wir, dank dem sch\u00f6nen Wetter, im Wald verbringen. \u00a0Wir sind zum Springbrunnen gelaufen, wo wir Froschlaich entdeckten und die Sonnenkinder legten mit Materialien aus dem Wald wundersch\u00f6ne Mandalas. Englisch und Zahlenland fand ebenfalls statt. So eine Waldwoche ist wirklich toll und wir freuen uns jetzt schon auf die n\u00e4chste im Sommer. Wie immer bin ich der Frechdachs dabei um euch alles zu berichten, bis n\u00e4chste Woche<\/p>\n<p>Euer Frechdachs aus St. Martin<\/p>\n","protected":false},"excerpt":{"rendered":"<p>Hurra wir gehen in den Wald! Am Montag ging es los! Ausger\u00fcstet mit Matschhose, Vesper und Gummistiefel\u00a0 ( \u00a0ich der Frechdachs war nat\u00fcrlich auch dabei) marschierten wir in den Wald. Dort angekommen bauten alle zusammen das Waldsofa, das ist ein &hellip; <a href=\"https:\/\/wp.hoesbach.net\/?p=616\">Weiterlesen <span class=\"meta-nav\">&rarr;<\/span><\/a><\/p>\n","protected":false},"author":1,"featured_media":0,"comment_status":"open","ping_status":"closed","sticky":false,"template":"","format":"standard","meta":{"footnotes":""},"categories":[3],"tags":[],"class_list":["post-616","post","type-post","status-publish","format-standard","hentry","category-frechdachs"],"_links":{"self":[{"href":"https:\/\/wp.hoesbach.net\/index.php?rest_route=\/wp\/v2\/posts\/616"}],"collection":[{"href":"https:\/\/wp.hoesbach.net\/index.php?rest_route=\/wp\/v2\/posts"}],"about":[{"href":"https:\/\/wp.hoesbach.net\/index.php?rest_route=\/wp\/v2\/types\/post"}],"author":[{"embeddable":true,"href":"https:\/\/wp.hoesbach.net\/index.php?rest_route=\/wp\/v2\/users\/1"}],"replies":[{"embeddable":true,"href":"https:\/\/wp.hoesbach.net\/index.php?rest_route=%2Fwp%2Fv2%2Fcomments&post=616"}],"version-history":[{"count":1,"href":"https:\/\/wp.hoesbach.net\/index.php?rest_route=\/wp\/v2\/posts\/616\/revisions"}],"predecessor-version":[{"id":617,"href":"https:\/\/wp.hoesbach.net\/index.php?rest_route=\/wp\/v2\/posts\/616\/revisions\/617"}],"wp:attachment":[{"href":"https:\/\/wp.hoesbach.net\/index.php?rest_route=%2Fwp%2Fv2%2Fmedia&parent=616"}],"wp:term":[{"taxonomy":"category","embeddable":true,"href":"https:\/\/wp.hoesbach.net\/index.php?rest_route=%2Fwp%2Fv2%2Fcategories&post=616"},{"taxonomy":"post_tag","embeddable":true,"href":"https:\/\/wp.hoesbach.net\/index.php?rest_route=%2Fwp%2Fv2%2Ftags&post=616"}],"curies":[{"name":"wp","href":"https:\/\/api.w.org\/{rel}","templated":true}]}}