{"id":536,"date":"2016-11-15T09:33:10","date_gmt":"2016-11-15T08:33:10","guid":{"rendered":"http:\/\/wp.hoesbach.net\/?p=536"},"modified":"2016-11-15T09:33:10","modified_gmt":"2016-11-15T08:33:10","slug":"frechdachs-10-11-2016","status":"publish","type":"post","link":"https:\/\/wp.hoesbach.net\/?p=536","title":{"rendered":"Frechdachs 10.11.2016"},"content":{"rendered":"<p>Wir vom Kindergarten St. Martin feiern unseren Namenspatron, den heiligen Martin. Ich lade euch alle, alle ein, unseren diesj\u00e4hrigen Martinstag am Freitag, 11.11.2016, mit zu feiern. In unserer Pfarrkirche feiern die Kinder von St. Elisabeth und St. Martin gemeinsam einen Wortgottesdienst. Beginn ist um 11.00 Uhr. Am Abend\u00a0 treffen wir uns um 18.00 Uhr am Parkplatz gegen\u00fcber dem Hanns-Seidel Gymnasiums, Am Beginn steht ein Martinsspiel, das einige Sonnenkinder darbieten. Und mit dem St. Martinslied wollen wir uns auf den Martinszug einstimmen. Danach ziehen wir mit unseren Laternen folgenden Wegverlauf:<br \/>\n&#8211; Parkplatz gegen\u00fcber dem Gymnasium<br \/>\n&#8211; Ziegeleistra\u00dfe\u00a0\u00a0 \u2013\u00a0\u00a0 Sch\u00f6llkrippener Str.<br \/>\n&#8211; Feldweg an der scharfen Kurve<br \/>\nEinige Male werden wir unterwegs anhalten, um miteinander zu singen. Unser Weg wird durch Flammschalen ein wenig erhellt, aber trotzdem ist es um diese Zeit\u00a0 bereits dunkel! Aus Sicherheitsgr\u00fcnden tragen Sie und Ihr\/e Kind\/er helle Kleidung, und vergessen Sie Ihre Taschenlampe nicht! An unserem Zielort angekommen, wartet schon ein Martinsfeuer auf uns, und dann gibt es zur St\u00e4rkung leckere Martinsweck und zum Aufw\u00e4rmen Kinderpunsch und Gl\u00fchwein.\u00a0Wir bitten Sie, f\u00fcr die Getr\u00e4nke Tassen oder Becher\u00a0 mitzubringen, und Sie k\u00f6nnen bei uns auch Ihr Kleingeld loswerden.<br \/>\nWir freuen uns auf euch, das Team und der Elternbeirat von St. Martin.<\/p>\n<p>Bis zum n\u00e4chsten Mal mit neuen Nachrichten.<\/p>\n","protected":false},"excerpt":{"rendered":"<p>Wir vom Kindergarten St. Martin feiern unseren Namenspatron, den heiligen Martin. Ich lade euch alle, alle ein, unseren diesj\u00e4hrigen Martinstag am Freitag, 11.11.2016, mit zu feiern. In unserer Pfarrkirche feiern die Kinder von St. Elisabeth und St. Martin gemeinsam einen &hellip; <a href=\"https:\/\/wp.hoesbach.net\/?p=536\">Weiterlesen <span class=\"meta-nav\">&rarr;<\/span><\/a><\/p>\n","protected":false},"author":1,"featured_media":0,"comment_status":"open","ping_status":"closed","sticky":false,"template":"","format":"standard","meta":{"footnotes":""},"categories":[3],"tags":[],"class_list":["post-536","post","type-post","status-publish","format-standard","hentry","category-frechdachs"],"_links":{"self":[{"href":"https:\/\/wp.hoesbach.net\/index.php?rest_route=\/wp\/v2\/posts\/536"}],"collection":[{"href":"https:\/\/wp.hoesbach.net\/index.php?rest_route=\/wp\/v2\/posts"}],"about":[{"href":"https:\/\/wp.hoesbach.net\/index.php?rest_route=\/wp\/v2\/types\/post"}],"author":[{"embeddable":true,"href":"https:\/\/wp.hoesbach.net\/index.php?rest_route=\/wp\/v2\/users\/1"}],"replies":[{"embeddable":true,"href":"https:\/\/wp.hoesbach.net\/index.php?rest_route=%2Fwp%2Fv2%2Fcomments&post=536"}],"version-history":[{"count":1,"href":"https:\/\/wp.hoesbach.net\/index.php?rest_route=\/wp\/v2\/posts\/536\/revisions"}],"predecessor-version":[{"id":537,"href":"https:\/\/wp.hoesbach.net\/index.php?rest_route=\/wp\/v2\/posts\/536\/revisions\/537"}],"wp:attachment":[{"href":"https:\/\/wp.hoesbach.net\/index.php?rest_route=%2Fwp%2Fv2%2Fmedia&parent=536"}],"wp:term":[{"taxonomy":"category","embeddable":true,"href":"https:\/\/wp.hoesbach.net\/index.php?rest_route=%2Fwp%2Fv2%2Fcategories&post=536"},{"taxonomy":"post_tag","embeddable":true,"href":"https:\/\/wp.hoesbach.net\/index.php?rest_route=%2Fwp%2Fv2%2Ftags&post=536"}],"curies":[{"name":"wp","href":"https:\/\/api.w.org\/{rel}","templated":true}]}}