{"id":530,"date":"2016-10-14T10:10:31","date_gmt":"2016-10-14T08:10:31","guid":{"rendered":"http:\/\/wp.hoesbach.net\/?p=530"},"modified":"2016-10-14T10:10:31","modified_gmt":"2016-10-14T08:10:31","slug":"frechdachs-20-10-2016","status":"publish","type":"post","link":"https:\/\/wp.hoesbach.net\/?p=530","title":{"rendered":"Frechdachs 20.10.2016"},"content":{"rendered":"<p>Hallo Ihr lieben H\u00f6sbacher!<\/p>\n<p>Es gibt mal wieder tolle Neuigkeiten aus dem Kindergarten zu berichten. Stellt euch mal vor, als ich in den Kindergarten kam und so durch das Haus schlich, fiel mir auf, das da eine Menge \u00c4pfel in S\u00e4cken und in K\u00f6rben standen. Ich dachte so bei mir, was wollen die blo\u00df damit machen! Am Mittwoch, 12.10.16, wusste ich dann warum. Es kamen zwei nette Herren zu uns in den Kindergarten. Es waren der Herbert und der Toni vom Obst und Gartenbauverein. \u00a0Beide bauten im Hof verschiedene Ger\u00e4te auf. Ihr seid neugierig geworden, ich auch und versteckte mich hinter einem Sack \u00c4pfel. Zuerst kamen die Sternenkinder und Sternschn\u00fcppchen dran! Mit der einen Maschine wurden die \u00c4pfel zerkleinert und mit der anderen Maschine der Saft aus dem Brei gepresst. Na, ihr wisst bestimmt was dann herauskam, nat\u00fcrlich frischer Apfelmost. Das R\u00e4tsel war gel\u00f6st. Dann waren auch unsere Mondkinder dran. Zum Schluss\u00a0 durften alle diesen leckeren Saft probieren. Jetzt fehlten nur noch unsere Sonnenkinder. Am Nachmittag waren sie dann dran. Nachdem alle\u00a0 Kinder den Saft probiert hatten, gingen sie mit einer Erzieherin in ein Gruppenzimmer. Ich hinterher! Dort wurde dann ganz ausf\u00fchrlich \u00fcber den Apfel gesprochen und dabei ein Bilderbuch angeschaut.<\/p>\n<p>An dieser Stelle \u00a0noch mal ein gro\u00dfes Dankesch\u00f6n an Herbert und Toni f\u00fcr Eure Zeit die wir miteinander verbringen konnten. DANKE!<\/p>\n<p>Bis zum n\u00e4chsten mal Euer Frechdachs<\/p>\n","protected":false},"excerpt":{"rendered":"<p>Hallo Ihr lieben H\u00f6sbacher! Es gibt mal wieder tolle Neuigkeiten aus dem Kindergarten zu berichten. Stellt euch mal vor, als ich in den Kindergarten kam und so durch das Haus schlich, fiel mir auf, das da eine Menge \u00c4pfel in &hellip; <a href=\"https:\/\/wp.hoesbach.net\/?p=530\">Weiterlesen <span class=\"meta-nav\">&rarr;<\/span><\/a><\/p>\n","protected":false},"author":1,"featured_media":0,"comment_status":"open","ping_status":"closed","sticky":false,"template":"","format":"standard","meta":{"footnotes":""},"categories":[3],"tags":[],"class_list":["post-530","post","type-post","status-publish","format-standard","hentry","category-frechdachs"],"_links":{"self":[{"href":"https:\/\/wp.hoesbach.net\/index.php?rest_route=\/wp\/v2\/posts\/530"}],"collection":[{"href":"https:\/\/wp.hoesbach.net\/index.php?rest_route=\/wp\/v2\/posts"}],"about":[{"href":"https:\/\/wp.hoesbach.net\/index.php?rest_route=\/wp\/v2\/types\/post"}],"author":[{"embeddable":true,"href":"https:\/\/wp.hoesbach.net\/index.php?rest_route=\/wp\/v2\/users\/1"}],"replies":[{"embeddable":true,"href":"https:\/\/wp.hoesbach.net\/index.php?rest_route=%2Fwp%2Fv2%2Fcomments&post=530"}],"version-history":[{"count":1,"href":"https:\/\/wp.hoesbach.net\/index.php?rest_route=\/wp\/v2\/posts\/530\/revisions"}],"predecessor-version":[{"id":531,"href":"https:\/\/wp.hoesbach.net\/index.php?rest_route=\/wp\/v2\/posts\/530\/revisions\/531"}],"wp:attachment":[{"href":"https:\/\/wp.hoesbach.net\/index.php?rest_route=%2Fwp%2Fv2%2Fmedia&parent=530"}],"wp:term":[{"taxonomy":"category","embeddable":true,"href":"https:\/\/wp.hoesbach.net\/index.php?rest_route=%2Fwp%2Fv2%2Fcategories&post=530"},{"taxonomy":"post_tag","embeddable":true,"href":"https:\/\/wp.hoesbach.net\/index.php?rest_route=%2Fwp%2Fv2%2Ftags&post=530"}],"curies":[{"name":"wp","href":"https:\/\/api.w.org\/{rel}","templated":true}]}}