{"id":517,"date":"2016-09-19T17:31:55","date_gmt":"2016-09-19T15:31:55","guid":{"rendered":"http:\/\/wp.hoesbach.net\/?p=517"},"modified":"2016-09-19T17:31:55","modified_gmt":"2016-09-19T15:31:55","slug":"frechdach-22-09-2016","status":"publish","type":"post","link":"https:\/\/wp.hoesbach.net\/?p=517","title":{"rendered":"Frechdach 22.09.2016"},"content":{"rendered":"<p>Der Herbst der Herbst der Herbst ist da\u2026\u2026..<\/p>\n<p>Die warmen Sonnentage sind vorbei, habt ihr\u00b4s gemerkt?<\/p>\n<p>Bei uns im Garten steht ein gro\u00dfer Kastanienbaum und so nach und nach wirft er jetzt seine Fr\u00fcchte ab.\u00a0Das ist toll! Wir sammeln eifrig, mal sehen, was wir daraus alles basteln k\u00f6nnen. Auch andere B\u00e4ume ver\u00e4ndern sich jetzt, die Bl\u00e4tter werden gelb, orange und braun.\u00a0Hier im Kindergarten dreht sich grad alles um die Erntezeit und das Erntedank-fest.\u00a0Die neuen Sonnenkinder bereiten einen Gottesdienst vor, der ist am 2. Oktober hier in der Michaelskirche. K\u00f6nnt ihr euch schon mal vormerken.\u00a0Da geht\u00b4s \u00fcber all die guten Sachen, die bei uns geerntet werden k\u00f6nnen und wie sch\u00f6n das ist, dass wir gen\u00fcgend zu essen haben.<\/p>\n<p>So, macht\u00b4s gut bis n\u00e4chste Woche, ich geh jetzt \u00c4pfel sammeln\u2026..mmmmmhhhh\u2026<br \/>\nEuer Frechdachs<\/p>\n","protected":false},"excerpt":{"rendered":"<p>Der Herbst der Herbst der Herbst ist da\u2026\u2026.. Die warmen Sonnentage sind vorbei, habt ihr\u00b4s gemerkt? Bei uns im Garten steht ein gro\u00dfer Kastanienbaum und so nach und nach wirft er jetzt seine Fr\u00fcchte ab.\u00a0Das ist toll! Wir sammeln eifrig, &hellip; <a href=\"https:\/\/wp.hoesbach.net\/?p=517\">Weiterlesen <span class=\"meta-nav\">&rarr;<\/span><\/a><\/p>\n","protected":false},"author":1,"featured_media":0,"comment_status":"open","ping_status":"closed","sticky":false,"template":"","format":"standard","meta":{"footnotes":""},"categories":[3],"tags":[],"class_list":["post-517","post","type-post","status-publish","format-standard","hentry","category-frechdachs"],"_links":{"self":[{"href":"https:\/\/wp.hoesbach.net\/index.php?rest_route=\/wp\/v2\/posts\/517"}],"collection":[{"href":"https:\/\/wp.hoesbach.net\/index.php?rest_route=\/wp\/v2\/posts"}],"about":[{"href":"https:\/\/wp.hoesbach.net\/index.php?rest_route=\/wp\/v2\/types\/post"}],"author":[{"embeddable":true,"href":"https:\/\/wp.hoesbach.net\/index.php?rest_route=\/wp\/v2\/users\/1"}],"replies":[{"embeddable":true,"href":"https:\/\/wp.hoesbach.net\/index.php?rest_route=%2Fwp%2Fv2%2Fcomments&post=517"}],"version-history":[{"count":1,"href":"https:\/\/wp.hoesbach.net\/index.php?rest_route=\/wp\/v2\/posts\/517\/revisions"}],"predecessor-version":[{"id":518,"href":"https:\/\/wp.hoesbach.net\/index.php?rest_route=\/wp\/v2\/posts\/517\/revisions\/518"}],"wp:attachment":[{"href":"https:\/\/wp.hoesbach.net\/index.php?rest_route=%2Fwp%2Fv2%2Fmedia&parent=517"}],"wp:term":[{"taxonomy":"category","embeddable":true,"href":"https:\/\/wp.hoesbach.net\/index.php?rest_route=%2Fwp%2Fv2%2Fcategories&post=517"},{"taxonomy":"post_tag","embeddable":true,"href":"https:\/\/wp.hoesbach.net\/index.php?rest_route=%2Fwp%2Fv2%2Ftags&post=517"}],"curies":[{"name":"wp","href":"https:\/\/api.w.org\/{rel}","templated":true}]}}