{"id":501,"date":"2016-07-21T13:41:45","date_gmt":"2016-07-21T11:41:45","guid":{"rendered":"http:\/\/wp.hoesbach.net\/?p=501"},"modified":"2016-07-21T13:41:45","modified_gmt":"2016-07-21T11:41:45","slug":"strolch-21-07-2016","status":"publish","type":"post","link":"https:\/\/wp.hoesbach.net\/?p=501","title":{"rendered":"Strolch 21.07.2016"},"content":{"rendered":"<p>Hallo, ich bin\u00b4s wieder euer Strolch<\/p>\n<p>Ich bin noch total aufgeregt vom letzten Wochenende. Kann sich jemand vorstellen warum? Ja richtig, ich war bei unserem Pfarrfest \u201eRund um den Michel\u201c mit dabei\u2026 Hat mich jemand entdeckt??? Bestimmt nicht hihihi\u2026 Gleich morgens ging es mit dem Gottesdienst los. Hier haben unsere Kinder den Chor mit ihrer Stimme unterst\u00fctzt. Hat das super geklungen. Die Maxi- Clubler haben in einem Spiel gezeigt, wie wichtig es ist, sich Zeit f\u00fcr seine Freunde zunehmen oder mit ihnen zusammen zu sein. Nach der anschlie\u00dfenden Begr\u00fc\u00dfung hatte alle Aufregung ein Ende und unsere Gro\u00dfen und Midis haben das St\u00fcck vom \u201eDodo, was spielst du\u201c aufgef\u00fchrt. Dabei wurde es richtig musikalisch, bis der kleine Dodo wieder eine Neue Geige bzw. ein Dingsbums bekommen hat\u2026 Ohh, das war eine tolle Auff\u00fchrung. Gleich im Anschluss wurde unser 1. Vorsitzender Herr Arnold Tomaschek f\u00fcr viele, viele Jahre ehrenamtliches Engagement geehrt\u2026 Wow\u2026\u00a0 Jetzt bin ich erst mal sprachlos\u2026. Als ich dann noch was leckeres gegessen hatte, bin ich auf zum Kreativmarkt. Dort habe ich mein Spiegelbild in den Seifenblasen gesehen und habe ganz versteckt unter den Tischen eine Tierrassel, einen Fangspielbecher und ein Klammertier gebastelt. Ganz ersch\u00f6pft bin ich dann zur\u00fcck in den Kindergarten gelaufen. Zum Pfeil und Bogen schie\u00dfen und Schminken bin ich dann gar nicht mehr gekommen\u2026 schade\u2026 Aber das n\u00e4chste Mal fang ich damit an\u2026<\/p>\n<p>So, jetzt noch ein dickes LOB und ein riesen DANKESCH\u00d6N an alle flei\u00dfigen Helfer und Helferinnen- Ohne euch w\u00e4re das Fest nicht so gut gelungen- DANKE<\/p>\n<p>Bis bald euer Strolch<\/p>\n","protected":false},"excerpt":{"rendered":"<p>Hallo, ich bin\u00b4s wieder euer Strolch Ich bin noch total aufgeregt vom letzten Wochenende. Kann sich jemand vorstellen warum? Ja richtig, ich war bei unserem Pfarrfest \u201eRund um den Michel\u201c mit dabei\u2026 Hat mich jemand entdeckt??? Bestimmt nicht hihihi\u2026 Gleich &hellip; <a href=\"https:\/\/wp.hoesbach.net\/?p=501\">Weiterlesen <span class=\"meta-nav\">&rarr;<\/span><\/a><\/p>\n","protected":false},"author":1,"featured_media":0,"comment_status":"open","ping_status":"closed","sticky":false,"template":"","format":"standard","meta":{"footnotes":""},"categories":[4],"tags":[],"class_list":["post-501","post","type-post","status-publish","format-standard","hentry","category-strolch"],"_links":{"self":[{"href":"https:\/\/wp.hoesbach.net\/index.php?rest_route=\/wp\/v2\/posts\/501"}],"collection":[{"href":"https:\/\/wp.hoesbach.net\/index.php?rest_route=\/wp\/v2\/posts"}],"about":[{"href":"https:\/\/wp.hoesbach.net\/index.php?rest_route=\/wp\/v2\/types\/post"}],"author":[{"embeddable":true,"href":"https:\/\/wp.hoesbach.net\/index.php?rest_route=\/wp\/v2\/users\/1"}],"replies":[{"embeddable":true,"href":"https:\/\/wp.hoesbach.net\/index.php?rest_route=%2Fwp%2Fv2%2Fcomments&post=501"}],"version-history":[{"count":1,"href":"https:\/\/wp.hoesbach.net\/index.php?rest_route=\/wp\/v2\/posts\/501\/revisions"}],"predecessor-version":[{"id":502,"href":"https:\/\/wp.hoesbach.net\/index.php?rest_route=\/wp\/v2\/posts\/501\/revisions\/502"}],"wp:attachment":[{"href":"https:\/\/wp.hoesbach.net\/index.php?rest_route=%2Fwp%2Fv2%2Fmedia&parent=501"}],"wp:term":[{"taxonomy":"category","embeddable":true,"href":"https:\/\/wp.hoesbach.net\/index.php?rest_route=%2Fwp%2Fv2%2Fcategories&post=501"},{"taxonomy":"post_tag","embeddable":true,"href":"https:\/\/wp.hoesbach.net\/index.php?rest_route=%2Fwp%2Fv2%2Ftags&post=501"}],"curies":[{"name":"wp","href":"https:\/\/api.w.org\/{rel}","templated":true}]}}