{"id":485,"date":"2016-06-21T11:41:42","date_gmt":"2016-06-21T09:41:42","guid":{"rendered":"http:\/\/wp.hoesbach.net\/?p=485"},"modified":"2016-06-21T11:41:42","modified_gmt":"2016-06-21T09:41:42","slug":"strolch-23-6-2016","status":"publish","type":"post","link":"https:\/\/wp.hoesbach.net\/?p=485","title":{"rendered":"Strolch 23.6.2016"},"content":{"rendered":"<p>Hallo, ich bin es euer Strolch<\/p>\n<p>Na, wer hat mich diese Woche gesehen??<br \/>\nHihihi, keiner oder? Ich habe mich n\u00e4mlich im Trolly versteckt, weil ich unbedingt mit den Kindern und Erzieherinnen in den Wald gehen wollte. Im H\u00f6sbacher Wald haben wir tolle Tage verbracht. Am ersten Tag haben wir erst einmal alle zusammen das Waldsofa aufgebaut und mit Karl, unserem Waldkobold die Waldregeln besprochen. Er hat uns noch mal erkl\u00e4rt,\u00a0 wie wichtig es ist, keine Pilze zu essen u.v.m. &#8230; Dann ging es nat\u00fcrlich gleich los, die Jungs haben tolle Tippis gebaut, viele M\u00e4dchen haben Mistk\u00e4fer und Schnecken im Lupenglas beobachtet und dann wieder frei gelassen&#8230;.. War das interessant. Auch die Gro\u00dfen Maxiclubler waren sehr flei\u00dfig und haben aus Naturmaterialien ein &#8222;Waldmobile&#8220; gestaltet. Nat\u00fcrlich war auch Musikschule und Englisch im Wald, dass war erst richtig spannend. Wir haben auch interessante\u00a0 Exkursionen gemacht&#8230; Ihr d\u00fcrft mal raten&#8230;., wo wir \u00fcberall gewesen sind&#8230;. Ich verrate es aber nicht hihhihi&#8230;. Ohh und zum kr\u00f6nenden Abschluss treffen sich morgen alle Kinder zu einer Waldralley. Ich mache auch mit, hoffentlich sieht mich keiner&#8230;. Aber ich will nat\u00fcrlich auch was Gewinnen hihihihi..<br \/>\nSo jetzt habe ich euch so viel verraten,<\/p>\n<p>bis zum n\u00e4chsten mal euer Strolch.<\/p>\n","protected":false},"excerpt":{"rendered":"<p>Hallo, ich bin es euer Strolch Na, wer hat mich diese Woche gesehen?? Hihihi, keiner oder? Ich habe mich n\u00e4mlich im Trolly versteckt, weil ich unbedingt mit den Kindern und Erzieherinnen in den Wald gehen wollte. Im H\u00f6sbacher Wald haben &hellip; <a href=\"https:\/\/wp.hoesbach.net\/?p=485\">Weiterlesen <span class=\"meta-nav\">&rarr;<\/span><\/a><\/p>\n","protected":false},"author":1,"featured_media":0,"comment_status":"open","ping_status":"closed","sticky":false,"template":"","format":"standard","meta":{"footnotes":""},"categories":[4],"tags":[],"class_list":["post-485","post","type-post","status-publish","format-standard","hentry","category-strolch"],"_links":{"self":[{"href":"https:\/\/wp.hoesbach.net\/index.php?rest_route=\/wp\/v2\/posts\/485"}],"collection":[{"href":"https:\/\/wp.hoesbach.net\/index.php?rest_route=\/wp\/v2\/posts"}],"about":[{"href":"https:\/\/wp.hoesbach.net\/index.php?rest_route=\/wp\/v2\/types\/post"}],"author":[{"embeddable":true,"href":"https:\/\/wp.hoesbach.net\/index.php?rest_route=\/wp\/v2\/users\/1"}],"replies":[{"embeddable":true,"href":"https:\/\/wp.hoesbach.net\/index.php?rest_route=%2Fwp%2Fv2%2Fcomments&post=485"}],"version-history":[{"count":1,"href":"https:\/\/wp.hoesbach.net\/index.php?rest_route=\/wp\/v2\/posts\/485\/revisions"}],"predecessor-version":[{"id":486,"href":"https:\/\/wp.hoesbach.net\/index.php?rest_route=\/wp\/v2\/posts\/485\/revisions\/486"}],"wp:attachment":[{"href":"https:\/\/wp.hoesbach.net\/index.php?rest_route=%2Fwp%2Fv2%2Fmedia&parent=485"}],"wp:term":[{"taxonomy":"category","embeddable":true,"href":"https:\/\/wp.hoesbach.net\/index.php?rest_route=%2Fwp%2Fv2%2Fcategories&post=485"},{"taxonomy":"post_tag","embeddable":true,"href":"https:\/\/wp.hoesbach.net\/index.php?rest_route=%2Fwp%2Fv2%2Ftags&post=485"}],"curies":[{"name":"wp","href":"https:\/\/api.w.org\/{rel}","templated":true}]}}