{"id":442,"date":"2016-03-13T09:38:52","date_gmt":"2016-03-13T08:38:52","guid":{"rendered":"http:\/\/wp.hoesbach.net\/?p=442"},"modified":"2016-03-13T09:38:52","modified_gmt":"2016-03-13T08:38:52","slug":"frechdachs-17-03-2016","status":"publish","type":"post","link":"https:\/\/wp.hoesbach.net\/?p=442","title":{"rendered":"Frechdachs 17.03.2016"},"content":{"rendered":"<p>Hallo, ich bin\u00b4s wieder, euer kleiner Frechdachs,<br \/>\nja, nach der Woche im Wald, werden wir im Kindergarten auch wieder einiges erleben. Gar nicht mehr lange und das Osterfest ist da. Diese vor\u00f6sterliche Zeit wird angef\u00fcllt sein mit Liedern, Basteleien und Geschichten, besonders denen von Jesus. Er ist unser Freund, wir k\u00f6nnen immer mit ihm sprechen, er besch\u00fctzt uns, aber er hat selber eine ganz schwere Last zu tragen. In den Tagen vor Ostern wollen wir viel von ihm h\u00f6ren und ihn begleiten. Die Sonnenkinder gestalten ein Kreuz mit Material, das wir im Wald gesammelt haben, sie erfahren, was das Kreuz f\u00fcr eine Bedeutung hat, und wir beten gemeinsam. Am Freitag vor dem Palmsonntag k\u00f6nnen dann alle Kinder ihre Osterbasteleien an den Osterbaum h\u00e4ngen. Den hat der Obst- und Gartenbauverein auf dem Marktplatz aufgestellt und wir singen alle Fr\u00fchlings- und Osterlieder dazu. Los geht es um 14.30 Uhr auf dem Marktplatz. Und wenn ganz viele Kinder kommen, dann h\u00f6rt man die Lieder bestimmt ganz laut. Was dann in der Karwoche im Kindergarten los ist, das erz\u00e4hle ich euch n\u00e4chste Woche.<\/p>\n<p>Bis bald, euer kleiner Frechdachs.<\/p>\n","protected":false},"excerpt":{"rendered":"<p>Hallo, ich bin\u00b4s wieder, euer kleiner Frechdachs, ja, nach der Woche im Wald, werden wir im Kindergarten auch wieder einiges erleben. Gar nicht mehr lange und das Osterfest ist da. Diese vor\u00f6sterliche Zeit wird angef\u00fcllt sein mit Liedern, Basteleien und &hellip; <a href=\"https:\/\/wp.hoesbach.net\/?p=442\">Weiterlesen <span class=\"meta-nav\">&rarr;<\/span><\/a><\/p>\n","protected":false},"author":1,"featured_media":0,"comment_status":"open","ping_status":"closed","sticky":false,"template":"","format":"standard","meta":{"footnotes":""},"categories":[3],"tags":[],"class_list":["post-442","post","type-post","status-publish","format-standard","hentry","category-frechdachs"],"_links":{"self":[{"href":"https:\/\/wp.hoesbach.net\/index.php?rest_route=\/wp\/v2\/posts\/442"}],"collection":[{"href":"https:\/\/wp.hoesbach.net\/index.php?rest_route=\/wp\/v2\/posts"}],"about":[{"href":"https:\/\/wp.hoesbach.net\/index.php?rest_route=\/wp\/v2\/types\/post"}],"author":[{"embeddable":true,"href":"https:\/\/wp.hoesbach.net\/index.php?rest_route=\/wp\/v2\/users\/1"}],"replies":[{"embeddable":true,"href":"https:\/\/wp.hoesbach.net\/index.php?rest_route=%2Fwp%2Fv2%2Fcomments&post=442"}],"version-history":[{"count":1,"href":"https:\/\/wp.hoesbach.net\/index.php?rest_route=\/wp\/v2\/posts\/442\/revisions"}],"predecessor-version":[{"id":443,"href":"https:\/\/wp.hoesbach.net\/index.php?rest_route=\/wp\/v2\/posts\/442\/revisions\/443"}],"wp:attachment":[{"href":"https:\/\/wp.hoesbach.net\/index.php?rest_route=%2Fwp%2Fv2%2Fmedia&parent=442"}],"wp:term":[{"taxonomy":"category","embeddable":true,"href":"https:\/\/wp.hoesbach.net\/index.php?rest_route=%2Fwp%2Fv2%2Fcategories&post=442"},{"taxonomy":"post_tag","embeddable":true,"href":"https:\/\/wp.hoesbach.net\/index.php?rest_route=%2Fwp%2Fv2%2Ftags&post=442"}],"curies":[{"name":"wp","href":"https:\/\/api.w.org\/{rel}","templated":true}]}}