{"id":423,"date":"2016-02-21T11:54:47","date_gmt":"2016-02-21T10:54:47","guid":{"rendered":"http:\/\/wp.hoesbach.net\/?p=423"},"modified":"2016-02-21T11:56:37","modified_gmt":"2016-02-21T10:56:37","slug":"frechdachs-15-2-2016","status":"publish","type":"post","link":"https:\/\/wp.hoesbach.net\/?p=423","title":{"rendered":"Frechdachs 25.2.2016"},"content":{"rendered":"<p>Da bin ich wieder, Euer Frechdachs.<\/p>\n<p>Jetzt in der Fastenzeit bereiten wir uns auf das Osterfest vor, das hat uns der Pfarrer in der Kirche schon erz\u00e4hlt. Bei uns im Kindergarten fangen die Vorbereitungen daf\u00fcr an, wir basteln und malen fr\u00fchlingshafte Ostersachen und singen Lieder vom Fr\u00fchling. Letzte Woche waren unsere Sonnenkinder in der Kinderpflegeschule eingeladen. Dort drehte sich alles um das Thema \u201eDie Kinder der Welt\u201c. In vielen Workshops wurde gebastelt, gemalt, gebacken und \u00a0in Bewegungsparcours, z.B. wir gehen auf Safari, konnten die Kinder Eindr\u00fccke von den verschiedenen L\u00e4ndern der Erde erhalten. Zum Abschluss gab es f\u00fcr alle ein Theaterst\u00fcck \u00fcber das \u201eWeltenkind\u201c: Das\u00a0 landet bei Kindern, die selber jeder aus einem anderen Land nach Deutschland gekommen sind. Alle haben sich aber schon an Gewohnheiten und die deutsche Sprache gew\u00f6hnt. Als sie das Weltenkind sehen, lehnen sie es ab und wollen es nicht bei sich haben. Dabei sucht das Weltenkind nur nach seinen Eltern, die es auf der Flucht verloren hat. Die Kinder des Theaterst\u00fccks helfen schlie\u00dflich mit, das Weltenkind besser zu verstehen und auch die Kinder aus dem Publikum helfen mit die Eltern vom Weltenkind zu finden. Das gelingt nat\u00fcrlich. Und das Weltenkind mit samt seinen Eltern wird herzlich aufgenommen. Die Kinder, die das miterleben durften, waren alle total begeistert. Das war ein toller Tag!<br \/>\nIhr lieben H\u00f6sbacher, ich w\u00fcnsch euch eine sch\u00f6ne Zeit, bis n\u00e4chste Woche,<\/p>\n<p>Euer Frechdachs<\/p>\n","protected":false},"excerpt":{"rendered":"<p>Da bin ich wieder, Euer Frechdachs. Jetzt in der Fastenzeit bereiten wir uns auf das Osterfest vor, das hat uns der Pfarrer in der Kirche schon erz\u00e4hlt. Bei uns im Kindergarten fangen die Vorbereitungen daf\u00fcr an, wir basteln und malen &hellip; <a href=\"https:\/\/wp.hoesbach.net\/?p=423\">Weiterlesen <span class=\"meta-nav\">&rarr;<\/span><\/a><\/p>\n","protected":false},"author":1,"featured_media":0,"comment_status":"open","ping_status":"closed","sticky":false,"template":"","format":"standard","meta":{"footnotes":""},"categories":[3],"tags":[],"class_list":["post-423","post","type-post","status-publish","format-standard","hentry","category-frechdachs"],"_links":{"self":[{"href":"https:\/\/wp.hoesbach.net\/index.php?rest_route=\/wp\/v2\/posts\/423"}],"collection":[{"href":"https:\/\/wp.hoesbach.net\/index.php?rest_route=\/wp\/v2\/posts"}],"about":[{"href":"https:\/\/wp.hoesbach.net\/index.php?rest_route=\/wp\/v2\/types\/post"}],"author":[{"embeddable":true,"href":"https:\/\/wp.hoesbach.net\/index.php?rest_route=\/wp\/v2\/users\/1"}],"replies":[{"embeddable":true,"href":"https:\/\/wp.hoesbach.net\/index.php?rest_route=%2Fwp%2Fv2%2Fcomments&post=423"}],"version-history":[{"count":2,"href":"https:\/\/wp.hoesbach.net\/index.php?rest_route=\/wp\/v2\/posts\/423\/revisions"}],"predecessor-version":[{"id":427,"href":"https:\/\/wp.hoesbach.net\/index.php?rest_route=\/wp\/v2\/posts\/423\/revisions\/427"}],"wp:attachment":[{"href":"https:\/\/wp.hoesbach.net\/index.php?rest_route=%2Fwp%2Fv2%2Fmedia&parent=423"}],"wp:term":[{"taxonomy":"category","embeddable":true,"href":"https:\/\/wp.hoesbach.net\/index.php?rest_route=%2Fwp%2Fv2%2Fcategories&post=423"},{"taxonomy":"post_tag","embeddable":true,"href":"https:\/\/wp.hoesbach.net\/index.php?rest_route=%2Fwp%2Fv2%2Ftags&post=423"}],"curies":[{"name":"wp","href":"https:\/\/api.w.org\/{rel}","templated":true}]}}