{"id":346,"date":"2015-10-29T17:29:19","date_gmt":"2015-10-29T16:29:19","guid":{"rendered":"http:\/\/wp.hoesbach.net\/?p=346"},"modified":"2015-10-29T17:29:19","modified_gmt":"2015-10-29T16:29:19","slug":"frechdachs-29-10-2015","status":"publish","type":"post","link":"https:\/\/wp.hoesbach.net\/?p=346","title":{"rendered":"Frechdachs 29.10.2015"},"content":{"rendered":"<p>Hallo, da bin ich wieder, euer kleiner Frechdachs,<br \/>\noje, bei uns im Kindergarten haben Schnupfen und Husten ganz sch\u00f6n um sich gegriffen. \u00dcberall h\u00f6rte man es schniefen, niesen und Nase putzen. Ja, das bringt der Herbst mit sich, drau\u00dfen ist es nass und kalt und schnell ist eine Erk\u00e4ltung da. Ich w\u00fcnsche jedem gute Besserung und dass sie bald wieder gesund und munter sind, denn zum Martinstag ist es nicht mehr lang hin und da wollen wir alle dabei sein.<\/p>\n<p>Herzliche Einladung an alle Kindergartenkinder, Geschwister, Eltern und Gro\u00dfeltern, sowie alle Verwandte, Freunde und Nachbarn zum Martinszug.<\/p>\n<p><strong>Am Mittwoch, 11.11.2015 treffen wir uns um 17.30 Uhr am Parkplatz gegen\u00fcber dem Hanns-Seidel Gymnasiums.<\/strong><\/p>\n<p>Am Beginn steht die Martinslegende, die wir, von Kindern gespielt, kr\u00e4ftig mit unserem Gesang unterst\u00fctzen. Danach ziehen wir mit unseren Laternen folgenden Wegverlauf:<\/p>\n<p>Ziegeleistra\u00dfe \u2013\u00a0\u00a0 Sch\u00f6llkrippener Str.\u00a0\u00a0 \u2013 \u00a0Feldweg an der scharfen Kurve<\/p>\n<p>Einige Male werden wir unterwegs anhalten, um miteinander zu singen. Aus Sicherheitsgr\u00fcnden w\u00e4re es gut, wenn Sie und Ihr\/e Kind\/er helle Kleidung tragen. An unserem Zielort angekommen, wartet schon ein Martinsfeuer auf uns, und dann gibt es zur St\u00e4rkung leckere Martinsm\u00e4nner und zum Aufw\u00e4rmen Kinderpunsch und Gl\u00fchwein. Wir bitten Sie, f\u00fcr die Getr\u00e4nke Tassen oder Becher mitzubringen, und Sie k\u00f6nnen bei uns auch Ihr Kleingeld loswerden.Wir freuen uns auf euch, das Team und der Elternbeirat von St. Martin.<\/p>\n<p>Bis zum n\u00e4chsten Mal und bleibt gesund, euer kleiner Frechdachs.<\/p>\n","protected":false},"excerpt":{"rendered":"<p>Hallo, da bin ich wieder, euer kleiner Frechdachs, oje, bei uns im Kindergarten haben Schnupfen und Husten ganz sch\u00f6n um sich gegriffen. \u00dcberall h\u00f6rte man es schniefen, niesen und Nase putzen. Ja, das bringt der Herbst mit sich, drau\u00dfen ist &hellip; <a href=\"https:\/\/wp.hoesbach.net\/?p=346\">Weiterlesen <span class=\"meta-nav\">&rarr;<\/span><\/a><\/p>\n","protected":false},"author":1,"featured_media":0,"comment_status":"open","ping_status":"closed","sticky":false,"template":"","format":"standard","meta":{"footnotes":""},"categories":[1],"tags":[],"class_list":["post-346","post","type-post","status-publish","format-standard","hentry","category-allgemein"],"_links":{"self":[{"href":"https:\/\/wp.hoesbach.net\/index.php?rest_route=\/wp\/v2\/posts\/346"}],"collection":[{"href":"https:\/\/wp.hoesbach.net\/index.php?rest_route=\/wp\/v2\/posts"}],"about":[{"href":"https:\/\/wp.hoesbach.net\/index.php?rest_route=\/wp\/v2\/types\/post"}],"author":[{"embeddable":true,"href":"https:\/\/wp.hoesbach.net\/index.php?rest_route=\/wp\/v2\/users\/1"}],"replies":[{"embeddable":true,"href":"https:\/\/wp.hoesbach.net\/index.php?rest_route=%2Fwp%2Fv2%2Fcomments&post=346"}],"version-history":[{"count":1,"href":"https:\/\/wp.hoesbach.net\/index.php?rest_route=\/wp\/v2\/posts\/346\/revisions"}],"predecessor-version":[{"id":347,"href":"https:\/\/wp.hoesbach.net\/index.php?rest_route=\/wp\/v2\/posts\/346\/revisions\/347"}],"wp:attachment":[{"href":"https:\/\/wp.hoesbach.net\/index.php?rest_route=%2Fwp%2Fv2%2Fmedia&parent=346"}],"wp:term":[{"taxonomy":"category","embeddable":true,"href":"https:\/\/wp.hoesbach.net\/index.php?rest_route=%2Fwp%2Fv2%2Fcategories&post=346"},{"taxonomy":"post_tag","embeddable":true,"href":"https:\/\/wp.hoesbach.net\/index.php?rest_route=%2Fwp%2Fv2%2Ftags&post=346"}],"curies":[{"name":"wp","href":"https:\/\/api.w.org\/{rel}","templated":true}]}}