{"id":2141,"date":"2026-03-17T08:45:10","date_gmt":"2026-03-17T07:45:10","guid":{"rendered":"https:\/\/wp.hoesbach.net\/?p=2141"},"modified":"2026-04-09T11:42:24","modified_gmt":"2026-04-09T09:42:24","slug":"einladung-zur-ausserordentlichen-mitgliederversammlung","status":"publish","type":"post","link":"https:\/\/wp.hoesbach.net\/?p=2141","title":{"rendered":"Einladung zur au\u00dferordentlichen Mitgliederversammlung"},"content":{"rendered":"<p style=\"text-align: center;\"><strong>Vielen Dank f\u00fcr Ihre Teilnahme, die Satzungs\u00e4nderung konnte ordnungsgem\u00e4\u00df durchgef\u00fchrt werden.<\/strong><\/p>\n<p>&nbsp;<\/p>\n<p>Sehr geehrte Mitglieder des St. Michaelvereins,<\/p>\n<p>hiermit laden wir Sie herzlich ein zu unserer<\/p>\n<p><strong>Au\u00dferordentlichen Mitgliederversammlung<\/strong><\/p>\n<p><strong>am <\/strong><\/p>\n<p><strong>Dienstag, den 31.03.2026 um 20 Uhr<\/strong><\/p>\n<p><strong><u>im Kindergarten St. Martin, Kirchenstr. 35.<\/u><\/strong><\/p>\n<p><strong><u>Tagesordnung:<\/u><\/strong><\/p>\n<p>TOP 1: \u00a0\u00a0\u00a0\u00a0 Begr\u00fc\u00dfung<\/p>\n<p>TOP 2: \u00a0\u00a0\u00a0\u00a0 Satzungs\u00e4nderung: Einf\u00fcgen Pr\u00e4ambel und \u00c4nderungen \u00a7\u00a7 1, 2, 6, 7, 10, 12, 13, 14, 15, 17<\/p>\n<p><strong>Hinweis: Der Text der g\u00fcltigen Satzung vom 22.06.2008 und der \u00c4nderungsentwurf (Stand: 23.02.2026 mit farblich gehaltenen Hinweisen zu den \u00c4nderungen) kann hier eingesehen werden.<\/strong><\/p>\n<p><em><strong>Satzung 2008 <\/strong><a href=\"http:\/\/wp.hoesbach.net\/wp-content\/uploads\/2026\/03\/Satzung-St.-Michaelverein-Stand-Juni-2008.pdf\">Satzung St. Michaelverein (Stand Juni 2008)<\/a><\/em><\/p>\n<p><em><strong>neue Satzung 2026 in Gegen\u00fcberstellung rot neu, schwarz alt <\/strong><\/em>\u00a0<a href=\"http:\/\/wp.hoesbach.net\/wp-content\/uploads\/2026\/03\/2026-02-23_Entwurf_geaenderte_Satzung_St._Michaelverein.pdf\">geplante Satzungs\u00e4nderung St._Michaelverein<\/a><\/p>\n<p><strong> Ferner finden Sie entsprechende Aush\u00e4nge an unseren Kindertages-einrichtungen (St. Martin, Kirchenstra\u00dfe 35, und St. Elisabeth, Brunnenstra\u00dfe 40) sowie am Hortgeb\u00e4ude, Sch\u00f6llkrippener Stra\u00dfe 36a, jeweils H\u00f6sbach<\/strong><\/p>\n<p>TOP 3: \u00a0\u00a0\u00a0\u00a0 Verschiedenes<\/p>\n<p><strong>\u00a0<\/strong><strong>Auf Ihr zahlreiches Erscheinen freut sich<\/strong><\/p>\n<p>Michael Baumann<\/p>\n<p>1. Vorsitzender<\/p>\n","protected":false},"excerpt":{"rendered":"<p>Vielen Dank f\u00fcr Ihre Teilnahme, die Satzungs\u00e4nderung konnte ordnungsgem\u00e4\u00df durchgef\u00fchrt werden. &nbsp; Sehr geehrte Mitglieder des St. Michaelvereins, hiermit laden wir Sie herzlich ein zu unserer Au\u00dferordentlichen Mitgliederversammlung am Dienstag, den 31.03.2026 um 20 Uhr im Kindergarten St. Martin, Kirchenstr. &hellip; <a href=\"https:\/\/wp.hoesbach.net\/?p=2141\">Weiterlesen <span class=\"meta-nav\">&rarr;<\/span><\/a><\/p>\n","protected":false},"author":7,"featured_media":0,"comment_status":"closed","ping_status":"closed","sticky":false,"template":"","format":"standard","meta":{"footnotes":""},"categories":[1],"tags":[],"class_list":["post-2141","post","type-post","status-publish","format-standard","hentry","category-allgemein"],"_links":{"self":[{"href":"https:\/\/wp.hoesbach.net\/index.php?rest_route=\/wp\/v2\/posts\/2141"}],"collection":[{"href":"https:\/\/wp.hoesbach.net\/index.php?rest_route=\/wp\/v2\/posts"}],"about":[{"href":"https:\/\/wp.hoesbach.net\/index.php?rest_route=\/wp\/v2\/types\/post"}],"author":[{"embeddable":true,"href":"https:\/\/wp.hoesbach.net\/index.php?rest_route=\/wp\/v2\/users\/7"}],"replies":[{"embeddable":true,"href":"https:\/\/wp.hoesbach.net\/index.php?rest_route=%2Fwp%2Fv2%2Fcomments&post=2141"}],"version-history":[{"count":9,"href":"https:\/\/wp.hoesbach.net\/index.php?rest_route=\/wp\/v2\/posts\/2141\/revisions"}],"predecessor-version":[{"id":2163,"href":"https:\/\/wp.hoesbach.net\/index.php?rest_route=\/wp\/v2\/posts\/2141\/revisions\/2163"}],"wp:attachment":[{"href":"https:\/\/wp.hoesbach.net\/index.php?rest_route=%2Fwp%2Fv2%2Fmedia&parent=2141"}],"wp:term":[{"taxonomy":"category","embeddable":true,"href":"https:\/\/wp.hoesbach.net\/index.php?rest_route=%2Fwp%2Fv2%2Fcategories&post=2141"},{"taxonomy":"post_tag","embeddable":true,"href":"https:\/\/wp.hoesbach.net\/index.php?rest_route=%2Fwp%2Fv2%2Ftags&post=2141"}],"curies":[{"name":"wp","href":"https:\/\/api.w.org\/{rel}","templated":true}]}}